{"id":102,"date":"2018-02-07T20:41:18","date_gmt":"2018-02-07T20:41:18","guid":{"rendered":"http:\/\/daniel-handel.de\/?p=102"},"modified":"2018-02-21T08:41:10","modified_gmt":"2018-02-21T08:41:10","slug":"testbeitrag","status":"publish","type":"post","link":"https:\/\/daniel-handel.de\/?p=102","title":{"rendered":"Sascha Karbowiak ist neuer Stadtverbandsvorsitzender in Neuss!"},"content":{"rendered":"<p>[et_pb_section bb_built=&#8221;1&#8243;][et_pb_row][et_pb_column type=&#8221;1_2&#8243;][et_pb_image _builder_version=&#8221;3.0.100&#8243; src=&#8221;https:\/\/daniel-handel.de\/wp-content\/uploads\/2018\/02\/Bildschirmfoto-2018-02-20-um-19.34.20.png&#8221; show_in_lightbox=&#8221;off&#8221; url_new_window=&#8221;off&#8221; use_overlay=&#8221;off&#8221; always_center_on_mobile=&#8221;on&#8221; force_fullwidth=&#8221;off&#8221; show_bottom_space=&#8221;on&#8221; \/][\/et_pb_column][et_pb_column type=&#8221;1_2&#8243;][et_pb_text _builder_version=&#8221;3.0.100&#8243; background_layout=&#8221;light&#8221;]<\/p>\n<p>Bei unserem politischen Aschermittwoch haben wir gestern Abend einen neuen Vorsitzenden gew\u00e4hlt. Sascha Karbowiak wird die 574 Neusser SPD-Mitglieder in den kommenden zwei Jahren anf\u00fchren. Der 30-J\u00e4hrige setzte sich gegen die beiden Mitbewerber Heinrich Thiel (29) und Michael Ziege (31) durch. \u201eIch bin \u00fcberw\u00e4ltigt von dem Vertrauen, das mir entgegengebracht wird. Jetzt brenne ich darauf, die CDU 2020 endlich in die wohl verdiente Opposition zu schicken\u201c, sagt Karbowiak. \u201eBedanken m\u00f6chte ich mich bei meinen beiden Mitbewerbern f\u00fcr einen fairen Wettstreit. Wir haben gezeigt, dass wir eine lebendige Partei sind.\u201c Es sei klar geworden, dass die Neusser SPD \u00fcber mehrere junge Talente verf\u00fcgt, denen man F\u00fchrungs\u00e4mter zutraut. \u201eMit uns wird zu rechnen sein\u201c, sagt Karbowiak.<\/p>\n<h5>\u00dcber 180 Mitglieder stimmten ab<\/h5>\n<p>&nbsp;<\/p>\n<p>&nbsp;<\/p>\n<p>[\/et_pb_text][\/et_pb_column][\/et_pb_row][et_pb_row][et_pb_column type=&#8221;1_2&#8243;][et_pb_image _builder_version=&#8221;3.0.100&#8243; src=&#8221;https:\/\/daniel-handel.de\/wp-content\/uploads\/2018\/02\/Bildschirmfoto-2018-02-20-um-19.41.51.png&#8221; show_in_lightbox=&#8221;off&#8221; url_new_window=&#8221;off&#8221; use_overlay=&#8221;off&#8221; always_center_on_mobile=&#8221;on&#8221; force_fullwidth=&#8221;off&#8221; show_bottom_space=&#8221;on&#8221; \/][\/et_pb_column][et_pb_column type=&#8221;1_2&#8243;][et_pb_text _builder_version=&#8221;3.0.100&#8243; background_layout=&#8221;light&#8221;]<\/p>\n<p>Die drei Bewerber hatten bereits fr\u00fchzeitig ihre Kandidatur erkl\u00e4rt, nachdem der bisherige Vorsitzende Benno Jakubassa im September <a href=\"http:\/\/www.rp-online.de\/nrw\/staedte\/neuss\/jakubassa-zieht-sich-aus-parteiarbeit-zurueck-aid-1.7116074\" target=\"_blank\" rel=\"noopener\">eine erneute Kandidatur ausgeschlossen<\/a> hatte. Jakubassa war 22 Jahre Stadtverbandsvorsitzender der Neusser SPD. Die drei jungen Bewerber haben sich daraufhin in allen Ortsvereinen der Neusser SPD vorgestellt. Am gestrigen Aschermittwoch konnten sie sich zudem nochmal in f\u00fcnfmin\u00fctigen Reden pr\u00e4sentieren. \u00dcber 180 Mitglieder waren gekommen, um an der Wahl teilnehmen zu k\u00f6nnen \u2013 deutlich mehr als in den Vorjahren. Im ersten Wahlgang erreichte kein Bewerber die n\u00f6tige absolute Mehrheit. In der Stichwahl setzte sich Sascha Karbowiak dann gegen Heinrich Thiel durch.<\/p>\n<p>[\/et_pb_text][\/et_pb_column][\/et_pb_row][et_pb_row][et_pb_column type=&#8221;1_2&#8243;][et_pb_image _builder_version=&#8221;3.0.100&#8243; src=&#8221;https:\/\/daniel-handel.de\/wp-content\/uploads\/2018\/02\/Bildschirmfoto-2018-02-20-um-19.38.14.png&#8221; show_in_lightbox=&#8221;off&#8221; url_new_window=&#8221;off&#8221; use_overlay=&#8221;off&#8221; always_center_on_mobile=&#8221;on&#8221; force_fullwidth=&#8221;off&#8221; show_bottom_space=&#8221;on&#8221; \/][\/et_pb_column][et_pb_column type=&#8221;1_2&#8243;][et_pb_text _builder_version=&#8221;3.0.100&#8243; background_layout=&#8221;light&#8221;]<\/p>\n<h5>Das Team um Sascha Karbowiak<\/h5>\n<p>Zu Karbowiaks Stellvertretern wurden Claudia F\u00f6hr und Joachim Wolff gew\u00e4hlt. Das beste Wahlergebnis des Abends erhielt Wolfgang Itzen, der mit 94 Prozent als Kassierer wiedergew\u00e4hlt wurde. Auch Schriftf\u00fchrer Rainer Schmitz wurde im Amt best\u00e4tigt. Komplettiert wird der Vorstand von den beiden Beisitzerinnen Juliana Conti und Cornelia Lampert-Voscht.<\/p>\n<p>&nbsp;<\/p>\n<p>[\/et_pb_text][\/et_pb_column][\/et_pb_row][et_pb_row][et_pb_column type=&#8221;1_2&#8243;][et_pb_image _builder_version=&#8221;3.0.100&#8243; show_in_lightbox=&#8221;off&#8221; url_new_window=&#8221;off&#8221; use_overlay=&#8221;off&#8221; always_center_on_mobile=&#8221;on&#8221; force_fullwidth=&#8221;off&#8221; show_bottom_space=&#8221;on&#8221; src=&#8221;https:\/\/daniel-handel.de\/wp-content\/uploads\/2018\/02\/Bildschirmfoto-2018-02-20-um-20.12.15.png&#8221; \/][\/et_pb_column][et_pb_column type=&#8221;1_2&#8243;][et_pb_text _builder_version=&#8221;3.0.100&#8243; background_layout=&#8221;light&#8221;]<\/p>\n<h5>F\u00fcr eine junge und dynamische SPD<\/h5>\n<p>F\u00fcr seine Zeit als Vorsitzender nimmt sich Karbowiak vor, die SPD noch st\u00e4rker als junge und dynamische K\u00fcmmerer-Partei zu etablieren und einen intensiven Dialog mit Vereinen und Verb\u00e4nden zu pflegen. Dar\u00fcber hinaus soll sich der Stadtverband auch wieder st\u00e4rker mit bundes- und landespolitischen Themen besch\u00e4ftigen und eigene Visionen f\u00fcr die Stadt Neuss entwickeln.<\/p>\n<p>&nbsp;<\/p>\n<p>Quelle: SPD-Neuss.de (Fotos:\u00a0A. Woitsch\u00fctzke www.ngz.de und Stefan Schmitz) alle rechte liegen bei den Inhabern.<\/p>\n<p>[\/et_pb_text][\/et_pb_column][\/et_pb_row][\/et_pb_section]<\/p>\n","protected":false},"excerpt":{"rendered":"<p><div class=\"et_pb_row et_pb_row_0 et_pb_row_empty\">\n\t\t\t\t\n\t\t\t\t\n\t\t\t\t\n\t\t\t\t\n\t\t\t\t\n\t\t\t<\/div> Bei unserem politischen Aschermittwoch haben wir gestern Abend einen neuen Vorsitzenden gew\u00e4hlt. Sascha Karbowiak wird die 574 Neusser SPD-Mitglieder in den kommenden zwei Jahren anf\u00fchren. Der 30-J\u00e4hrige setzte sich gegen die beiden Mitbewerber Heinrich Thiel (29) und Michael Ziege (31) durch. \u201eIch bin \u00fcberw\u00e4ltigt von dem Vertrauen, das mir entgegengebracht wird. Jetzt brenne ich [&hellip;]<\/p>\n","protected":false},"author":1,"featured_media":321,"comment_status":"closed","ping_status":"open","sticky":false,"template":"","format":"standard","meta":{"_et_pb_use_builder":"on","_et_pb_old_content":"<p>Bei unserem politischen Aschermittwoch haben wir gestern Abend einen neuen Vorsitzenden gew\u00e4hlt. Sascha Karbowiak wird die 574 Neusser SPD-Mitglieder in den kommenden zwei Jahren anf\u00fchren. Der 30-J\u00e4hrige setzte sich gegen die beiden Mitbewerber Heinrich Thiel (29) und Michael Ziege (31) durch. \u201eIch bin \u00fcberw\u00e4ltigt von dem Vertrauen, das mir entgegengebracht wird. Jetzt brenne ich darauf, die CDU 2020 endlich in die wohl verdiente Opposition zu schicken\u201c, sagt Karbowiak. \u201eBedanken m\u00f6chte ich mich bei meinen beiden Mitbewerbern f\u00fcr einen fairen Wettstreit. Wir haben gezeigt, dass wir eine lebendige Partei sind.\u201c Es sei klar geworden, dass die Neusser SPD \u00fcber mehrere junge Talente verf\u00fcgt, denen man F\u00fchrungs\u00e4mter zutraut. \u201eMit uns wird zu rechnen sein\u201c, sagt Karbowiak.<\/p><h5>\u00dcber 180 Mitglieder stimmten ab<\/h5><p>Die drei Bewerber hatten bereits fr\u00fchzeitig ihre Kandidatur erkl\u00e4rt, nachdem der bisherige Vorsitzende Benno Jakubassa im September <a href=\"http:\/\/www.rp-online.de\/nrw\/staedte\/neuss\/jakubassa-zieht-sich-aus-parteiarbeit-zurueck-aid-1.7116074\" target=\"_blank\" rel=\"noopener\">eine erneute Kandidatur ausgeschlossen<\/a> hatte. Jakubassa war 22 Jahre Stadtverbandsvorsitzender der Neusser SPD. Die drei jungen Bewerber haben sich daraufhin in allen Ortsvereinen der Neusser SPD vorgestellt. Am gestrigen Aschermittwoch konnten sie sich zudem nochmal in f\u00fcnfmin\u00fctigen Reden pr\u00e4sentieren. \u00dcber 180 Mitglieder waren gekommen, um an der Wahl teilnehmen zu k\u00f6nnen \u2013 deutlich mehr als in den Vorjahren. Im ersten Wahlgang erreichte kein Bewerber die n\u00f6tige absolute Mehrheit. In der Stichwahl setzte sich Sascha Karbowiak dann gegen Heinrich Thiel durch.<\/p><h5>Das Team um Sascha Karbowiak<\/h5><p>Zu Karbowiaks Stellvertretern wurden Claudia F\u00f6hr und Joachim Wolff gew\u00e4hlt. Das beste Wahlergebnis des Abends erhielt Wolfgang Itzen, der mit 94 Prozent als Kassierer wiedergew\u00e4hlt wurde. Auch Schriftf\u00fchrer Rainer Schmitz wurde im Amt best\u00e4tigt. Komplettiert wird der Vorstand von den beiden Beisitzerinnen Juliana Conti und Cornelia Lampert-Voscht.<\/p><h5>F\u00fcr eine junge und dynamische SPD<\/h5><p>F\u00fcr seine Zeit als Vorsitzender nimmt sich Karbowiak vor, die SPD noch st\u00e4rker als junge und dynamische K\u00fcmmerer-Partei zu etablieren und einen intensiven Dialog mit Vereinen und Verb\u00e4nden zu pflegen. Dar\u00fcber hinaus soll sich der Stadtverband auch wieder st\u00e4rker mit bundes- und landespolitischen Themen besch\u00e4ftigen und eigene Visionen f\u00fcr die Stadt Neuss entwickeln.<\/p>","_et_gb_content_width":"","footnotes":""},"categories":[3,1],"tags":[],"_links":{"self":[{"href":"https:\/\/daniel-handel.de\/index.php?rest_route=\/wp\/v2\/posts\/102"}],"collection":[{"href":"https:\/\/daniel-handel.de\/index.php?rest_route=\/wp\/v2\/posts"}],"about":[{"href":"https:\/\/daniel-handel.de\/index.php?rest_route=\/wp\/v2\/types\/post"}],"author":[{"embeddable":true,"href":"https:\/\/daniel-handel.de\/index.php?rest_route=\/wp\/v2\/users\/1"}],"replies":[{"embeddable":true,"href":"https:\/\/daniel-handel.de\/index.php?rest_route=%2Fwp%2Fv2%2Fcomments&post=102"}],"version-history":[{"count":10,"href":"https:\/\/daniel-handel.de\/index.php?rest_route=\/wp\/v2\/posts\/102\/revisions"}],"predecessor-version":[{"id":331,"href":"https:\/\/daniel-handel.de\/index.php?rest_route=\/wp\/v2\/posts\/102\/revisions\/331"}],"wp:featuredmedia":[{"embeddable":true,"href":"https:\/\/daniel-handel.de\/index.php?rest_route=\/wp\/v2\/media\/321"}],"wp:attachment":[{"href":"https:\/\/daniel-handel.de\/index.php?rest_route=%2Fwp%2Fv2%2Fmedia&parent=102"}],"wp:term":[{"taxonomy":"category","embeddable":true,"href":"https:\/\/daniel-handel.de\/index.php?rest_route=%2Fwp%2Fv2%2Fcategories&post=102"},{"taxonomy":"post_tag","embeddable":true,"href":"https:\/\/daniel-handel.de\/index.php?rest_route=%2Fwp%2Fv2%2Ftags&post=102"}],"curies":[{"name":"wp","href":"https:\/\/api.w.org\/{rel}","templated":true}]}}