{"id":432,"date":"2019-02-17T20:16:24","date_gmt":"2019-02-17T20:16:24","guid":{"rendered":"https:\/\/daniel-handel.de\/?p=432"},"modified":"2019-02-17T20:20:41","modified_gmt":"2019-02-17T20:20:41","slug":"dialog-tour-am-hermannsplatz","status":"publish","type":"post","link":"https:\/\/daniel-handel.de\/?p=432","title":{"rendered":"Dialog Tour am Hermannsplatz"},"content":{"rendered":"<p>Die gro\u00dfartige Tour der Neusser SPD \u201eim Dialog\u201c machte am vergangenen Dienstag Halt am Hermannsplatz. Mit dem B\u00fcrgermeister Reiner Breuer konnten wir uns vor Ort ein Bild machen.<br \/>\nZun\u00e4chst stellte B\u00fcrgermeister Breuer das Ergebnis der letzten Ratssitzung vor, bei der das neue Parkkonzept f\u00fcr die Neusser Innenstadt beschlossen wurde, dass viele B\u00fcrgerinnen und B\u00fcrger entlasten wird.<br \/>\nW\u00e4hrend des Dialoges entwickelten wir gemeinsam eine Vision, wie unsere in Zukunft im Viertel a<span class=\"text_exposed_show\">m Hermannsplatz aussehen soll:<br \/>\n1. Wir m\u00f6chten in den Dialog mit den Nachbarinnen und Nachbarn, den Vereinen und Institutionen, Betreibern von Gastronomie und den Unternehmen kommen, um ein besseres Miteinander zu f\u00f6rdern.<br \/>\n2. Wir m\u00f6chten unser Viertel versch\u00f6nern. Nicht nur mit gepflegteren Gr\u00fcnanlagen, sondern auch mit mehr Sauberkeit.<br \/>\n3. Wir m\u00f6chten unser Viertel sicherer machen und Angstr\u00e4ume st\u00e4rker be- und ausleuchten.<\/span><\/p>\n<p>#WandeldurchHandel<\/p>\n<p><img loading=\"lazy\" decoding=\"async\" class=\"alignnone size-full wp-image-435\" src=\"https:\/\/daniel-handel.de\/wp-content\/uploads\/2019\/02\/B\u00fcrgermeister-Dialog-Hermannsplatz-2-von-17.jpg\" alt=\"\" width=\"3712\" height=\"5568\" srcset=\"https:\/\/daniel-handel.de\/wp-content\/uploads\/2019\/02\/B\u00fcrgermeister-Dialog-Hermannsplatz-2-von-17.jpg 3712w, https:\/\/daniel-handel.de\/wp-content\/uploads\/2019\/02\/B\u00fcrgermeister-Dialog-Hermannsplatz-2-von-17-200x300.jpg 200w, https:\/\/daniel-handel.de\/wp-content\/uploads\/2019\/02\/B\u00fcrgermeister-Dialog-Hermannsplatz-2-von-17-768x1152.jpg 768w, https:\/\/daniel-handel.de\/wp-content\/uploads\/2019\/02\/B\u00fcrgermeister-Dialog-Hermannsplatz-2-von-17-683x1024.jpg 683w, https:\/\/daniel-handel.de\/wp-content\/uploads\/2019\/02\/B\u00fcrgermeister-Dialog-Hermannsplatz-2-von-17-1080x1620.jpg 1080w\" sizes=\"(max-width: 3712px) 100vw, 3712px\" \/> <img loading=\"lazy\" decoding=\"async\" class=\"alignnone size-full wp-image-443\" src=\"https:\/\/daniel-handel.de\/wp-content\/uploads\/2019\/02\/B\u00fcrgermeister-Dialog-Hermannsplatz-10-von-17.jpg\" alt=\"\" width=\"3290\" height=\"4935\" srcset=\"https:\/\/daniel-handel.de\/wp-content\/uploads\/2019\/02\/B\u00fcrgermeister-Dialog-Hermannsplatz-10-von-17.jpg 3290w, https:\/\/daniel-handel.de\/wp-content\/uploads\/2019\/02\/B\u00fcrgermeister-Dialog-Hermannsplatz-10-von-17-200x300.jpg 200w, https:\/\/daniel-handel.de\/wp-content\/uploads\/2019\/02\/B\u00fcrgermeister-Dialog-Hermannsplatz-10-von-17-768x1152.jpg 768w, https:\/\/daniel-handel.de\/wp-content\/uploads\/2019\/02\/B\u00fcrgermeister-Dialog-Hermannsplatz-10-von-17-683x1024.jpg 683w, https:\/\/daniel-handel.de\/wp-content\/uploads\/2019\/02\/B\u00fcrgermeister-Dialog-Hermannsplatz-10-von-17-1080x1620.jpg 1080w\" sizes=\"(max-width: 3290px) 100vw, 3290px\" \/> <img loading=\"lazy\" decoding=\"async\" class=\"alignnone size-full wp-image-441\" src=\"https:\/\/daniel-handel.de\/wp-content\/uploads\/2019\/02\/B\u00fcrgermeister-Dialog-Hermannsplatz-8-von-17.jpg\" alt=\"\" width=\"5568\" height=\"3712\" srcset=\"https:\/\/daniel-handel.de\/wp-content\/uploads\/2019\/02\/B\u00fcrgermeister-Dialog-Hermannsplatz-8-von-17.jpg 5568w, https:\/\/daniel-handel.de\/wp-content\/uploads\/2019\/02\/B\u00fcrgermeister-Dialog-Hermannsplatz-8-von-17-300x200.jpg 300w, https:\/\/daniel-handel.de\/wp-content\/uploads\/2019\/02\/B\u00fcrgermeister-Dialog-Hermannsplatz-8-von-17-768x512.jpg 768w, https:\/\/daniel-handel.de\/wp-content\/uploads\/2019\/02\/B\u00fcrgermeister-Dialog-Hermannsplatz-8-von-17-1024x683.jpg 1024w, https:\/\/daniel-handel.de\/wp-content\/uploads\/2019\/02\/B\u00fcrgermeister-Dialog-Hermannsplatz-8-von-17-1080x720.jpg 1080w\" sizes=\"(max-width: 5568px) 100vw, 5568px\" \/> <img loading=\"lazy\" decoding=\"async\" class=\"alignnone size-full wp-image-439\" src=\"https:\/\/daniel-handel.de\/wp-content\/uploads\/2019\/02\/B\u00fcrgermeister-Dialog-Hermannsplatz-6-von-17.jpg\" alt=\"\" width=\"5568\" height=\"3712\" srcset=\"https:\/\/daniel-handel.de\/wp-content\/uploads\/2019\/02\/B\u00fcrgermeister-Dialog-Hermannsplatz-6-von-17.jpg 5568w, https:\/\/daniel-handel.de\/wp-content\/uploads\/2019\/02\/B\u00fcrgermeister-Dialog-Hermannsplatz-6-von-17-300x200.jpg 300w, https:\/\/daniel-handel.de\/wp-content\/uploads\/2019\/02\/B\u00fcrgermeister-Dialog-Hermannsplatz-6-von-17-768x512.jpg 768w, https:\/\/daniel-handel.de\/wp-content\/uploads\/2019\/02\/B\u00fcrgermeister-Dialog-Hermannsplatz-6-von-17-1024x683.jpg 1024w, https:\/\/daniel-handel.de\/wp-content\/uploads\/2019\/02\/B\u00fcrgermeister-Dialog-Hermannsplatz-6-von-17-1080x720.jpg 1080w\" sizes=\"(max-width: 5568px) 100vw, 5568px\" \/> <img loading=\"lazy\" decoding=\"async\" class=\"alignnone size-full wp-image-445\" src=\"https:\/\/daniel-handel.de\/wp-content\/uploads\/2019\/02\/B\u00fcrgermeister-Dialog-Hermannsplatz-12-von-17.jpg\" alt=\"\" width=\"5568\" height=\"3712\" srcset=\"https:\/\/daniel-handel.de\/wp-content\/uploads\/2019\/02\/B\u00fcrgermeister-Dialog-Hermannsplatz-12-von-17.jpg 5568w, https:\/\/daniel-handel.de\/wp-content\/uploads\/2019\/02\/B\u00fcrgermeister-Dialog-Hermannsplatz-12-von-17-300x200.jpg 300w, https:\/\/daniel-handel.de\/wp-content\/uploads\/2019\/02\/B\u00fcrgermeister-Dialog-Hermannsplatz-12-von-17-768x512.jpg 768w, https:\/\/daniel-handel.de\/wp-content\/uploads\/2019\/02\/B\u00fcrgermeister-Dialog-Hermannsplatz-12-von-17-1024x683.jpg 1024w, https:\/\/daniel-handel.de\/wp-content\/uploads\/2019\/02\/B\u00fcrgermeister-Dialog-Hermannsplatz-12-von-17-1080x720.jpg 1080w\" sizes=\"(max-width: 5568px) 100vw, 5568px\" \/> <img loading=\"lazy\" decoding=\"async\" class=\"alignnone size-full wp-image-448\" src=\"https:\/\/daniel-handel.de\/wp-content\/uploads\/2019\/02\/B\u00fcrgermeister-Dialog-Hermannsplatz-15-von-17.jpg\" alt=\"\" width=\"4771\" height=\"3181\" srcset=\"https:\/\/daniel-handel.de\/wp-content\/uploads\/2019\/02\/B\u00fcrgermeister-Dialog-Hermannsplatz-15-von-17.jpg 4771w, https:\/\/daniel-handel.de\/wp-content\/uploads\/2019\/02\/B\u00fcrgermeister-Dialog-Hermannsplatz-15-von-17-300x200.jpg 300w, https:\/\/daniel-handel.de\/wp-content\/uploads\/2019\/02\/B\u00fcrgermeister-Dialog-Hermannsplatz-15-von-17-768x512.jpg 768w, https:\/\/daniel-handel.de\/wp-content\/uploads\/2019\/02\/B\u00fcrgermeister-Dialog-Hermannsplatz-15-von-17-1024x683.jpg 1024w, https:\/\/daniel-handel.de\/wp-content\/uploads\/2019\/02\/B\u00fcrgermeister-Dialog-Hermannsplatz-15-von-17-1080x720.jpg 1080w\" sizes=\"(max-width: 4771px) 100vw, 4771px\" \/><\/p>\n","protected":false},"excerpt":{"rendered":"<p>Die gro\u00dfartige Tour der Neusser SPD \u201eim Dialog\u201c machte am vergangenen Dienstag Halt am Hermannsplatz. Mit dem B\u00fcrgermeister Reiner Breuer konnten wir uns vor Ort ein Bild machen. Zun\u00e4chst stellte B\u00fcrgermeister Breuer das Ergebnis der letzten Ratssitzung vor, bei der das neue Parkkonzept f\u00fcr die Neusser Innenstadt beschlossen wurde, dass viele B\u00fcrgerinnen und B\u00fcrger entlasten [&hellip;]<\/p>\n","protected":false},"author":3,"featured_media":446,"comment_status":"closed","ping_status":"open","sticky":false,"template":"","format":"standard","meta":{"_et_pb_use_builder":"","_et_pb_old_content":"","_et_gb_content_width":"","footnotes":""},"categories":[3],"tags":[],"_links":{"self":[{"href":"https:\/\/daniel-handel.de\/index.php?rest_route=\/wp\/v2\/posts\/432"}],"collection":[{"href":"https:\/\/daniel-handel.de\/index.php?rest_route=\/wp\/v2\/posts"}],"about":[{"href":"https:\/\/daniel-handel.de\/index.php?rest_route=\/wp\/v2\/types\/post"}],"author":[{"embeddable":true,"href":"https:\/\/daniel-handel.de\/index.php?rest_route=\/wp\/v2\/users\/3"}],"replies":[{"embeddable":true,"href":"https:\/\/daniel-handel.de\/index.php?rest_route=%2Fwp%2Fv2%2Fcomments&post=432"}],"version-history":[{"count":2,"href":"https:\/\/daniel-handel.de\/index.php?rest_route=\/wp\/v2\/posts\/432\/revisions"}],"predecessor-version":[{"id":451,"href":"https:\/\/daniel-handel.de\/index.php?rest_route=\/wp\/v2\/posts\/432\/revisions\/451"}],"wp:featuredmedia":[{"embeddable":true,"href":"https:\/\/daniel-handel.de\/index.php?rest_route=\/wp\/v2\/media\/446"}],"wp:attachment":[{"href":"https:\/\/daniel-handel.de\/index.php?rest_route=%2Fwp%2Fv2%2Fmedia&parent=432"}],"wp:term":[{"taxonomy":"category","embeddable":true,"href":"https:\/\/daniel-handel.de\/index.php?rest_route=%2Fwp%2Fv2%2Fcategories&post=432"},{"taxonomy":"post_tag","embeddable":true,"href":"https:\/\/daniel-handel.de\/index.php?rest_route=%2Fwp%2Fv2%2Ftags&post=432"}],"curies":[{"name":"wp","href":"https:\/\/api.w.org\/{rel}","templated":true}]}}