{"id":513,"date":"2020-04-30T10:00:34","date_gmt":"2020-04-30T10:00:34","guid":{"rendered":"https:\/\/daniel-handel.de\/?p=513"},"modified":"2020-04-30T10:00:57","modified_gmt":"2020-04-30T10:00:57","slug":"der-hermannsplatz-blueht-wieder","status":"publish","type":"post","link":"https:\/\/daniel-handel.de\/?p=513","title":{"rendered":"Der Hermannsplatz bl\u00fcht wieder"},"content":{"rendered":"<p>Der Hermannsplatz bl\u00fcht wieder<\/p>\n<p>In diesen Tagen gibt es auch gute Nachrichten. Auch wenn die Corona-Pandemie uns zwingt, zu Hause zu bleiben, so m\u00fcssen wir doch hin und wieder mal raus, um unsere eigenen Besorgungen aller Art zu erledigen.<\/p>\n<div id=\"attachment_518\" style=\"width: 373px\" class=\"wp-caption aligncenter\"><img loading=\"lazy\" decoding=\"async\" aria-describedby=\"caption-attachment-518\" class=\" wp-image-518\" src=\"https:\/\/daniel-handel.de\/wp-content\/uploads\/2020\/04\/IMG_1189-1.jpeg\" alt=\"\" width=\"363\" height=\"272\" \/><p id=\"caption-attachment-518\" class=\"wp-caption-text\">Wildblumen wurde ges\u00e4t April 2020<\/p><\/div>\n<p>&nbsp;<\/p>\n<p>Wenn Sie nun am Hermannsplatz vorbeikommen, sei es mit dem Auto, dem Fahrrad oder einfach zu Fu\u00df, k\u00f6nnen sie nun die n\u00e4chste Wildblumenwiese wachsen sehen. Das hilft der Natur und den Wildbienen sowie Insekten aller Art und das schon zum zweiten Mal in Folge.<\/p>\n<div id=\"attachment_521\" style=\"width: 286px\" class=\"wp-caption aligncenter\"><img loading=\"lazy\" decoding=\"async\" aria-describedby=\"caption-attachment-521\" class=\" wp-image-521\" src=\"https:\/\/daniel-handel.de\/wp-content\/uploads\/2020\/04\/IMG_3718.jpeg\" alt=\"\" width=\"276\" height=\"368\" \/><p id=\"caption-attachment-521\" class=\"wp-caption-text\">Wildblumen 2019<\/p><\/div>\n<p>Reiner Breuer macht es m\u00f6glich. Er hat die ganze Stadt im Blick. Der Hermannsplatz ist ihm genauso wichtig, wie alle anderen Stadtteile. Die Resonanz war riesig. So war es ein Leichtes f\u00fcr mich, die Fortsetzung durchzusetzen. Der Hermannsplatz kann n\u00e4mlich so viel mehr, als bisher.<\/p>\n<p>Die Versch\u00f6nerung ist nur ein Nebeneffekt. Der Effekt f\u00fcr die Umwelt ist noch viel gr\u00f6\u00dfer. Daf\u00fcr werde ich mich weiter einsetzen.<\/p>\n","protected":false},"excerpt":{"rendered":"<p>Der Hermannsplatz bl\u00fcht wieder In diesen Tagen gibt es auch gute Nachrichten. Auch wenn die Corona-Pandemie uns zwingt, zu Hause zu bleiben, so m\u00fcssen wir doch hin und wieder mal raus, um unsere eigenen Besorgungen aller Art zu erledigen. &nbsp; Wenn Sie nun am Hermannsplatz vorbeikommen, sei es mit dem Auto, dem Fahrrad oder einfach [&hellip;]<\/p>\n","protected":false},"author":3,"featured_media":521,"comment_status":"closed","ping_status":"open","sticky":false,"template":"","format":"standard","meta":{"_et_pb_use_builder":"","_et_pb_old_content":"","_et_gb_content_width":"","footnotes":""},"categories":[3],"tags":[],"_links":{"self":[{"href":"https:\/\/daniel-handel.de\/index.php?rest_route=\/wp\/v2\/posts\/513"}],"collection":[{"href":"https:\/\/daniel-handel.de\/index.php?rest_route=\/wp\/v2\/posts"}],"about":[{"href":"https:\/\/daniel-handel.de\/index.php?rest_route=\/wp\/v2\/types\/post"}],"author":[{"embeddable":true,"href":"https:\/\/daniel-handel.de\/index.php?rest_route=\/wp\/v2\/users\/3"}],"replies":[{"embeddable":true,"href":"https:\/\/daniel-handel.de\/index.php?rest_route=%2Fwp%2Fv2%2Fcomments&post=513"}],"version-history":[{"count":1,"href":"https:\/\/daniel-handel.de\/index.php?rest_route=\/wp\/v2\/posts\/513\/revisions"}],"predecessor-version":[{"id":522,"href":"https:\/\/daniel-handel.de\/index.php?rest_route=\/wp\/v2\/posts\/513\/revisions\/522"}],"wp:featuredmedia":[{"embeddable":true,"href":"https:\/\/daniel-handel.de\/index.php?rest_route=\/wp\/v2\/media\/521"}],"wp:attachment":[{"href":"https:\/\/daniel-handel.de\/index.php?rest_route=%2Fwp%2Fv2%2Fmedia&parent=513"}],"wp:term":[{"taxonomy":"category","embeddable":true,"href":"https:\/\/daniel-handel.de\/index.php?rest_route=%2Fwp%2Fv2%2Fcategories&post=513"},{"taxonomy":"post_tag","embeddable":true,"href":"https:\/\/daniel-handel.de\/index.php?rest_route=%2Fwp%2Fv2%2Ftags&post=513"}],"curies":[{"name":"wp","href":"https:\/\/api.w.org\/{rel}","templated":true}]}}